{"id":101,"__str__":"Parecer ao Projeto de Lei Ordin\u00e1ria n\u00ba 8 de 2020","link_detail_backend":"/materia/101","metadata":{},"numero":8,"ano":2020,"numero_protocolo":null,"data_apresentacao":"2020-03-01","tipo_apresentacao":"E","data_publicacao":null,"numero_origem_externa":"","ano_origem_externa":null,"data_origem_externa":null,"apelido":"","dias_prazo":null,"data_fim_prazo":null,"em_tramitacao":true,"polemica":null,"objeto":"","complementar":null,"ementa":"\"Institui no \u00e2mbito do Munic\u00edpio de S\u00e3o Jos\u00e9, o Programa de Apoio \u00e0s Pessoas com Doen\u00e7a de Alzheimer e Outras Dem\u00eancias e aos seus familiares e d\u00e1 outras provid\u00eancias.","indexacao":"","observacao":"","resultado":"","texto_original":null,"data_ultima_atualizacao":"2020-06-01T15:20:51.450206-03:00","ip":"200.19.209.8","ultima_edicao":null,"tipo":17,"regime_tramitacao":3,"tipo_origem_externa":null,"local_origem_externa":null,"user":2,"anexadas":[],"autores":[13]}