{"id":135,"__str__":"Mo\u00e7\u00e3o de Apelo n\u00ba 21 de 2020","link_detail_backend":"/materia/135","metadata":{},"numero":21,"ano":2020,"numero_protocolo":null,"data_apresentacao":"2020-05-28","tipo_apresentacao":"E","data_publicacao":null,"numero_origem_externa":"","ano_origem_externa":null,"data_origem_externa":null,"apelido":"","dias_prazo":null,"data_fim_prazo":null,"em_tramitacao":false,"polemica":null,"objeto":"","complementar":null,"ementa":"APELO AO EXECUTIVO PARA CRIA\u00c7\u00c3O DE AUX\u00cdLIO EMERGENCIAL PARA TRABALHADORES DO SETOR CULTURAL NO MUNIC\u00cdPIO OU QUE SEJAM ADOTADAS MEDIDAS PARA REDUZIR OS IMPACTOS NEGATIVOS GERADOS NO SETOR CULTURAL E ART\u00cdSTICO PELA PANDEMIA DO NOVO CORONAV\u00cdRUS.","indexacao":"","observacao":"","resultado":"","texto_original":null,"data_ultima_atualizacao":"2020-06-17T14:52:47.350408-03:00","ip":"200.19.209.8","ultima_edicao":null,"tipo":16,"regime_tramitacao":3,"tipo_origem_externa":null,"local_origem_externa":null,"user":2,"anexadas":[],"autores":[4]}