{"id":148,"__str__":"Projeto de Lei Ordin\u00e1ria n\u00ba 38 de 2019","link_detail_backend":"/materia/148","metadata":{},"numero":38,"ano":2019,"numero_protocolo":null,"data_apresentacao":"2019-03-01","tipo_apresentacao":"E","data_publicacao":null,"numero_origem_externa":"","ano_origem_externa":null,"data_origem_externa":null,"apelido":"","dias_prazo":null,"data_fim_prazo":null,"em_tramitacao":false,"polemica":null,"objeto":"","complementar":null,"ementa":"VEDA QUALQUER DISCRIMINA\u00c7\u00c3O \u00c0 CRIAN\u00c7A E AO ADOLESCENTE PORTADOR DE DEFICI\u00caNCIA OU DOEN\u00c7A CR\u00d4NICA NOS ESTABELECIMENTOS DE ENSINO, CRECHES OU SIMILARES, EM INSTITUI\u00c7\u00d5ES P\u00daBLICAS OU PRIVADAS.","indexacao":"","observacao":"","resultado":"","texto_original":null,"data_ultima_atualizacao":"2020-06-24T14:36:34.389726-03:00","ip":"200.19.209.8","ultima_edicao":null,"tipo":2,"regime_tramitacao":3,"tipo_origem_externa":null,"local_origem_externa":null,"user":2,"anexadas":[],"autores":[18]}