{"id":226,"__str__":"Projeto de Lei Ordin\u00e1ria n\u00ba 15 de 2020","link_detail_backend":"/materia/226","metadata":{},"numero":15,"ano":2020,"numero_protocolo":null,"data_apresentacao":"2020-03-01","tipo_apresentacao":"E","data_publicacao":null,"numero_origem_externa":"","ano_origem_externa":null,"data_origem_externa":null,"apelido":"","dias_prazo":null,"data_fim_prazo":null,"em_tramitacao":false,"polemica":null,"objeto":"","complementar":null,"ementa":"DISP\u00d5E SOBRE A MANUTEN\u00c7\u00c3O DOS PARQUES INFANTIS E ACADEMIAS AO AR LIVRE LOCALIZADOS EM \u00c1REAS DE USO COLETIVO.","indexacao":"","observacao":"","resultado":"","texto_original":null,"data_ultima_atualizacao":"2020-07-22T14:49:09.991271-03:00","ip":"200.19.209.8","ultima_edicao":null,"tipo":2,"regime_tramitacao":3,"tipo_origem_externa":null,"local_origem_externa":null,"user":2,"anexadas":[],"autores":[18]}