{"id":241,"__str__":"Requerimento n\u00ba 24 de 2020","link_detail_backend":"/materia/241","metadata":{},"numero":24,"ano":2020,"numero_protocolo":null,"data_apresentacao":"2020-03-01","tipo_apresentacao":"E","data_publicacao":null,"numero_origem_externa":"","ano_origem_externa":null,"data_origem_externa":null,"apelido":"","dias_prazo":null,"data_fim_prazo":null,"em_tramitacao":false,"polemica":null,"objeto":"","complementar":null,"ementa":"Solicitando informa\u00e7\u00f5es referente a forma que est\u00e1 sendo realizada a fiscaliza\u00e7\u00e3o do Transporte Coletivo, neste per\u00edodo de pandemia em S\u00e3o Jos\u00e9/SC.","indexacao":"","observacao":"","resultado":"","texto_original":null,"data_ultima_atualizacao":"2020-08-03T12:35:22.381116-03:00","ip":"200.19.209.8","ultima_edicao":null,"tipo":10,"regime_tramitacao":3,"tipo_origem_externa":null,"local_origem_externa":null,"user":2,"anexadas":[],"autores":[7]}