{"id":269,"__str__":"Projeto de Lei Ordin\u00e1ria n\u00ba 33 de 2020","link_detail_backend":"/materia/269","metadata":{},"numero":33,"ano":2020,"numero_protocolo":null,"data_apresentacao":"2020-03-01","tipo_apresentacao":"E","data_publicacao":null,"numero_origem_externa":"","ano_origem_externa":null,"data_origem_externa":null,"apelido":"","dias_prazo":null,"data_fim_prazo":null,"em_tramitacao":false,"polemica":false,"objeto":"","complementar":false,"ementa":"D\u00e1 denomina\u00e7\u00e3o a pra\u00e7a localizada entre as ruas Mathias Kalbusch e Laurival Vieira de \u201cAlvina Di Bernardi Kalbusch\u201d, no bairro Barreiros.","indexacao":"","observacao":"","resultado":"","texto_original":null,"data_ultima_atualizacao":"2020-09-21T13:09:53.644644-03:00","ip":"200.19.209.8","ultima_edicao":"2020-09-21T13:09:15.832325-03:00","tipo":2,"regime_tramitacao":3,"tipo_origem_externa":null,"local_origem_externa":null,"user":2,"anexadas":[],"autores":[2]}