{"id":2,"__str__":"Projeto de Lei Ordin\u00e1ria n\u00ba 21 de 2020","link_detail_backend":"/materia/2","metadata":{},"numero":21,"ano":2020,"numero_protocolo":null,"data_apresentacao":"2020-04-01","tipo_apresentacao":"E","data_publicacao":null,"numero_origem_externa":"","ano_origem_externa":null,"data_origem_externa":null,"apelido":"","dias_prazo":null,"data_fim_prazo":null,"em_tramitacao":true,"polemica":false,"objeto":"Cria o fundo emergencial de combate \u00e0 COVID-19","complementar":null,"ementa":"CRIA O FUNDO EMERGENCIAL DE COMBATE \u00c0 COVID-19 - FECC, DESTINADO AO ENFRENTAMENTO DOS EFEITOS DA PANDEMIA DO NOVO CORONAV\u00cdRUS NO MUNIC\u00cdPIO DE S\u00c3O JOS\u00c9/SC E D\u00c1 OUTRAS PROVID\u00caNCIAS.","indexacao":"FUNDO EMERGENCIAL COMBATE COVID-19","observacao":"","resultado":"","texto_original":"http://sapl.saojose.sc.leg.br/media/sapl/public/materialegislativa/2020/2/plo_0021-2020.pdf","data_ultima_atualizacao":"2020-04-01T10:29:03.470000-03:00","ip":"177.96.152.97","ultima_edicao":null,"tipo":2,"regime_tramitacao":2,"tipo_origem_externa":null,"local_origem_externa":null,"user":2,"anexadas":[3],"autores":[12]}