{"id":36,"__str__":"Projeto de Lei Ordin\u00e1ria n\u00ba 97 de 2019","link_detail_backend":"/materia/36","metadata":{},"numero":97,"ano":2019,"numero_protocolo":null,"data_apresentacao":"2019-08-28","tipo_apresentacao":"","data_publicacao":null,"numero_origem_externa":"","ano_origem_externa":null,"data_origem_externa":null,"apelido":"","dias_prazo":null,"data_fim_prazo":null,"em_tramitacao":true,"polemica":null,"objeto":"","complementar":null,"ementa":"PRO\u00cdBE o INGRESSO DE REPRESENTANTES DE AG\u00caNCIAS DE MODELOS E AFINS, NOS AMBIENTES DAS ESCOLAS DA REDE MUNICIPAL DE ENSINO DE S\u00c3O JOS\u00c9 E D\u00c1 OUTRAS PROVID\u00caNCIAS.","indexacao":"","observacao":"","resultado":"","texto_original":null,"data_ultima_atualizacao":"2020-04-29T13:57:44.519872-03:00","ip":"200.19.209.8","ultima_edicao":null,"tipo":2,"regime_tramitacao":3,"tipo_origem_externa":null,"local_origem_externa":null,"user":2,"anexadas":[],"autores":[11]}