{"id":43,"__str__":"Mo\u00e7\u00e3o de Apelo n\u00ba 17 de 2020","link_detail_backend":"/materia/43","metadata":{},"numero":17,"ano":2020,"numero_protocolo":null,"data_apresentacao":"2020-04-24","tipo_apresentacao":"E","data_publicacao":null,"numero_origem_externa":"","ano_origem_externa":null,"data_origem_externa":null,"apelido":"","dias_prazo":null,"data_fim_prazo":null,"em_tramitacao":true,"polemica":null,"objeto":"","complementar":null,"ementa":"MO\u00c7\u00c3O DE APELO A BANCADA CATARINENSE NO CONGRESSO NACIONAL , para que intervenha junto ao Minist\u00e9rio da Educa\u00e7\u00e3o e ao Presidente da Rep\u00fablica com o objetivo de sejam adotadas as provid\u00eancias necess\u00e1rias para a realiza\u00e7\u00e3o do ato de posse do Reitor Eleito do Instituto Federal de Santa Catarina (IFSC).","indexacao":"","observacao":"","resultado":"","texto_original":null,"data_ultima_atualizacao":"2020-05-04T15:06:36.769272-03:00","ip":"200.19.209.8","ultima_edicao":null,"tipo":16,"regime_tramitacao":3,"tipo_origem_externa":null,"local_origem_externa":null,"user":2,"anexadas":[],"autores":[]}