{"id":7,"__str__":"Requerimento Verbal da Presid\u00eancia n\u00ba 1 de 2020","link_detail_backend":"/materia/7","metadata":{},"numero":1,"ano":2020,"numero_protocolo":null,"data_apresentacao":"2020-04-06","tipo_apresentacao":"","data_publicacao":null,"numero_origem_externa":"","ano_origem_externa":null,"data_origem_externa":null,"apelido":"","dias_prazo":null,"data_fim_prazo":null,"em_tramitacao":false,"polemica":false,"objeto":"","complementar":null,"ementa":"Requerimento verbal da presid\u00eancia. REDU\u00c7\u00c3O DOS SUBS\u00cdDIOS DO PRESIDENTE DA C\u00c2MARA  E DOS VEREADORES.","indexacao":"","observacao":"","resultado":"","texto_original":null,"data_ultima_atualizacao":"2020-04-06T15:02:03.194223-03:00","ip":"200.19.209.8","ultima_edicao":null,"tipo":9,"regime_tramitacao":3,"tipo_origem_externa":null,"local_origem_externa":null,"user":2,"anexadas":[],"autores":[12]}